{"id":904,"date":"2025-09-16T12:23:06","date_gmt":"2025-09-16T15:23:06","guid":{"rendered":"https:\/\/oekobr.org.br\/?p=904"},"modified":"2025-09-16T12:23:07","modified_gmt":"2025-09-16T15:23:07","slug":"pantio-comunitario-13-09-2025-parque-dos-bufalos","status":"publish","type":"post","link":"https:\/\/oekobr.org.br\/?p=904","title":{"rendered":"PANTIO COMUNITARIO 13\/09\/2025 -PARQUE DOS BUFALOS"},"content":{"rendered":"\n\n\n\n\n<p>No dia 13 de setembro \u00e0s 08 horas, aconteceu o Projeto Plantio Comunit\u00e1rio no Parque dos B\u00fafalos \u2013 Jardim Apura \ud83c\udf33\ud83d\udc9a.<br>Uma a\u00e7\u00e3o que fortalece a comunidade, contribui para os Objetivos de Desenvolvimento Sustent\u00e1vel (ODS) e mostra que cuidar do meio ambiente \u00e9 cuidar da vida.<\/p>\n\n\n\n<p>\ud83d\udccc Participa\u00e7\u00e3o especial: CEU EMEF Prof. Paulo dos Santos&nbsp;<a href=\"https:\/\/www.instagram.com\/emefpgs\/\">@emefpgs<\/a><br>\ud83c\udf0d Apoiado pelo Selo ODS Brasil 2025<br><a href=\"https:\/\/www.instagram.com\/petshopramalho\/\">@petshopramalho<\/a><br><a href=\"https:\/\/www.instagram.com\/mercadofn.apura\/\">@mercadofn.apura<\/a><br><a href=\"https:\/\/www.instagram.com\/novellinternet\/\">@novellinternet<\/a><br><a href=\"https:\/\/www.instagram.com\/a2transportesoficial\/\">@a2transportesoficial<\/a><\/p>\n\n\n\n<p>\ud83d\udc49 Venha ser volunt\u00e1rio e fazer parte do Futuro Verde!<\/p>\n\n\n\n<p>Prod.:&nbsp;<a href=\"https:\/\/www.instagram.com\/thurc\/\">@thurc<\/a><\/p>\n\n\n\n<p><a href=\"https:\/\/www.instagram.com\/explore\/tags\/ods\/\">#ODS<\/a><a href=\"https:\/\/www.instagram.com\/explore\/tags\/sustentabilidade\/\">#Sustentabilidade<\/a><a href=\"https:\/\/www.instagram.com\/explore\/tags\/agenda2030\/\">#Agenda2030<\/a><a href=\"https:\/\/www.instagram.com\/explore\/tags\/plantiocomunit%C3%A1rio\/\">#PlantioComunit\u00e1rio<\/a><a href=\"https:\/\/www.instagram.com\/explore\/tags\/parquedosb%C3%BAfalos\/\">#ParqueDosB\u00fafalos<\/a><a href=\"https:\/\/www.instagram.com\/explore\/tags\/meioambiente\/\">#MeioAmbiente<\/a><a href=\"https:\/\/www.instagram.com\/explore\/tags\/natureza\/\">#Natureza<\/a><a href=\"https:\/\/www.instagram.com\/explore\/tags\/voluntariado\/\">#Voluntariado<\/a><a href=\"https:\/\/www.instagram.com\/explore\/tags\/impactopositivo\/\">#ImpactoPositivo<\/a><a href=\"https:\/\/www.instagram.com\/explore\/tags\/cidadaniaativa\/\">#CidadaniaAtiva<\/a><a href=\"https:\/\/www.instagram.com\/explore\/tags\/transforma%C3%A7%C3%A3osocial\/\">#Transforma\u00e7\u00e3oSocial<\/a><a href=\"https:\/\/www.instagram.com\/explore\/tags\/odsbrasil\/\">#ODSBrasil<\/a><a href=\"https:\/\/www.instagram.com\/explore\/tags\/futuroverde\/\">#FuturoVerde<\/a><a href=\"https:\/\/www.instagram.com\/explore\/tags\/reflorestamento\/\">#Reflorestamento<\/a><a href=\"https:\/\/www.instagram.com\/explore\/tags\/comunidadeunida\/\">#ComunidadeUnida<\/a><a href=\"https:\/\/www.instagram.com\/explore\/tags\/educacaoambiental\/\">#educacaoambiental<\/a><\/p>\n\n\n\n\n\n\n\n\n\n\n\n\n\n\n","protected":false},"excerpt":{"rendered":"<p>No dia 13 de setembro \u00e0s 08 horas, aconteceu o Projeto Plantio Comunit\u00e1rio no Parque dos B\u00fafalos \u2013 Jardim Apura \ud83c\udf33\ud83d\udc9a.Uma a\u00e7\u00e3o que fortalece a comunidade, contribui para os Objetivos de Desenvolvimento Sustent\u00e1vel (ODS) e mostra que cuidar do meio ambiente \u00e9 cuidar da vida. \ud83d\udccc Participa\u00e7\u00e3o especial: CEU EMEF Prof. Paulo dos Santos&nbsp;@emefpgs\ud83c\udf0d Apoiado [&hellip;]<\/p>\n","protected":false},"author":1,"featured_media":0,"comment_status":"open","ping_status":"open","sticky":false,"template":"","format":"standard","meta":{"saved_in_kubio":false,"footnotes":""},"categories":[1],"tags":[],"class_list":["post-904","post","type-post","status-publish","format-standard","hentry","category-blog"],"_links":{"self":[{"href":"https:\/\/oekobr.org.br\/index.php?rest_route=\/wp\/v2\/posts\/904","targetHints":{"allow":["GET"]}}],"collection":[{"href":"https:\/\/oekobr.org.br\/index.php?rest_route=\/wp\/v2\/posts"}],"about":[{"href":"https:\/\/oekobr.org.br\/index.php?rest_route=\/wp\/v2\/types\/post"}],"author":[{"embeddable":true,"href":"https:\/\/oekobr.org.br\/index.php?rest_route=\/wp\/v2\/users\/1"}],"replies":[{"embeddable":true,"href":"https:\/\/oekobr.org.br\/index.php?rest_route=%2Fwp%2Fv2%2Fcomments&post=904"}],"version-history":[{"count":1,"href":"https:\/\/oekobr.org.br\/index.php?rest_route=\/wp\/v2\/posts\/904\/revisions"}],"predecessor-version":[{"id":915,"href":"https:\/\/oekobr.org.br\/index.php?rest_route=\/wp\/v2\/posts\/904\/revisions\/915"}],"wp:attachment":[{"href":"https:\/\/oekobr.org.br\/index.php?rest_route=%2Fwp%2Fv2%2Fmedia&parent=904"}],"wp:term":[{"taxonomy":"category","embeddable":true,"href":"https:\/\/oekobr.org.br\/index.php?rest_route=%2Fwp%2Fv2%2Fcategories&post=904"},{"taxonomy":"post_tag","embeddable":true,"href":"https:\/\/oekobr.org.br\/index.php?rest_route=%2Fwp%2Fv2%2Ftags&post=904"}],"curies":[{"name":"wp","href":"https:\/\/api.w.org\/{rel}","templated":true}]}}