{"id":854,"date":"2025-09-03T23:18:09","date_gmt":"2025-09-04T02:18:09","guid":{"rendered":"https:\/\/oekobr.org.br\/?p=854"},"modified":"2025-09-03T23:18:09","modified_gmt":"2025-09-04T02:18:09","slug":"pre-vestibular-oekobr","status":"publish","type":"post","link":"https:\/\/oekobr.org.br\/?p=854","title":{"rendered":"PR\u00c9-VESTIBULAR O\u00cbKOBR"},"content":{"rendered":"\n<p><br><br>Nos \u00faltimos 12 anos, mais de 2,5 milh\u00f5es de bolsas de estudos em universidades p\u00fablicas e privadas ficaram vagas, segundo o MEC.<\/p>\n\n\n\n<p>N\u00f3s, da O\u00ebkobr em parceria com a\u00a0<a href=\"https:\/\/www.instagram.com\/educafro\/\">@educafro<\/a>\u00a0, estamos aqui para mudar essa realidade!<br>Queremos preparar nossos cursistas e garantir que essas oportunidades cheguem a quem mais precisa: pessoas pretas, perif\u00e9ricas, mulheres, ind\u00edgenas e a popula\u00e7\u00e3o PCD.<\/p>\n\n\n\n\n\n<p>Essa \u00e9 a nossa miss\u00e3o: transformar vidas por meio da educa\u00e7\u00e3o de qualidade.<br>\u00a0<\/p>\n\n\n\n<p>Agradecemos o apoio fundamental dos nossos parceiros:<br><a href=\"https:\/\/www.instagram.com\/padariafarellos\/\">@padariafarellos<\/a>&nbsp;\u2022&nbsp;<a href=\"https:\/\/www.instagram.com\/educafro\/\">@educafro<\/a>&nbsp;\u2022&nbsp;<a href=\"https:\/\/www.instagram.com\/institutoancora_\/\">@institutoancora_<\/a>&nbsp;e Bem te vi.<\/p>\n\n\n\n<p>Alguns registros\u00a0<a href=\"https:\/\/www.instagram.com\/thurc\/\">@thurc<\/a>\u00a0\ud83e\udd33\ud83c\udffd<\/p>\n\n\n\n<p><br><a href=\"https:\/\/www.instagram.com\/explore\/tags\/educa%C3%A7%C3%A3otransforma\/\">#Educa\u00e7\u00e3oTransforma<\/a><a href=\"https:\/\/www.instagram.com\/explore\/tags\/acesso%C3%A0universidade\/\">#Acesso\u00c0Universidade<\/a><a href=\"https:\/\/www.instagram.com\/explore\/tags\/oekobr\/\">#Oekobr<\/a><a href=\"https:\/\/www.instagram.com\/explore\/tags\/educafro\/\">#Educafro<\/a><a href=\"https:\/\/www.instagram.com\/explore\/tags\/inclus%C3%A3o\/\">#Inclus\u00e3o<\/a><a href=\"https:\/\/www.instagram.com\/explore\/tags\/diversidade\/\">#Diversidade<\/a><a href=\"https:\/\/www.instagram.com\/explore\/tags\/cursinhopopular\/\">#CursinhoPopular<\/a><a href=\"https:\/\/www.instagram.com\/explore\/tags\/mudandovidas\/\">#MudandoVidas<\/a><\/p>\n\n\n\n<div class=\"wp-block-columns is-layout-flex wp-container-core-columns-is-layout-9d6595d7 wp-block-columns-is-layout-flex\">\n<div class=\"wp-block-column is-layout-flow wp-block-column-is-layout-flow\" style=\"flex-basis:100%\">\n<div class=\"wp-block-group\"><div class=\"wp-block-group__inner-container is-layout-constrained wp-block-group-is-layout-constrained\">\n<div class=\"wp-block-columns is-layout-flex wp-container-core-columns-is-layout-9d6595d7 wp-block-columns-is-layout-flex\">\n<div class=\"wp-block-column is-layout-flow wp-block-column-is-layout-flow\" style=\"flex-basis:100%\"><\/div>\n<\/div>\n<\/div><\/div>\n<\/div>\n<\/div>\n\n\n\n\n\n\n\n\n\n\n","protected":false},"excerpt":{"rendered":"<p>Nos \u00faltimos 12 anos, mais de 2,5 milh\u00f5es de bolsas de estudos em universidades p\u00fablicas e privadas ficaram vagas, segundo o MEC. N\u00f3s, da O\u00ebkobr em parceria com a\u00a0@educafro\u00a0, estamos aqui para mudar essa realidade!Queremos preparar nossos cursistas e garantir que essas oportunidades cheguem a quem mais precisa: pessoas pretas, perif\u00e9ricas, mulheres, ind\u00edgenas e a [&hellip;]<\/p>\n","protected":false},"author":1,"featured_media":0,"comment_status":"open","ping_status":"open","sticky":false,"template":"","format":"standard","meta":{"saved_in_kubio":false,"footnotes":""},"categories":[1],"tags":[],"class_list":["post-854","post","type-post","status-publish","format-standard","hentry","category-blog"],"_links":{"self":[{"href":"https:\/\/oekobr.org.br\/index.php?rest_route=\/wp\/v2\/posts\/854","targetHints":{"allow":["GET"]}}],"collection":[{"href":"https:\/\/oekobr.org.br\/index.php?rest_route=\/wp\/v2\/posts"}],"about":[{"href":"https:\/\/oekobr.org.br\/index.php?rest_route=\/wp\/v2\/types\/post"}],"author":[{"embeddable":true,"href":"https:\/\/oekobr.org.br\/index.php?rest_route=\/wp\/v2\/users\/1"}],"replies":[{"embeddable":true,"href":"https:\/\/oekobr.org.br\/index.php?rest_route=%2Fwp%2Fv2%2Fcomments&post=854"}],"version-history":[{"count":1,"href":"https:\/\/oekobr.org.br\/index.php?rest_route=\/wp\/v2\/posts\/854\/revisions"}],"predecessor-version":[{"id":862,"href":"https:\/\/oekobr.org.br\/index.php?rest_route=\/wp\/v2\/posts\/854\/revisions\/862"}],"wp:attachment":[{"href":"https:\/\/oekobr.org.br\/index.php?rest_route=%2Fwp%2Fv2%2Fmedia&parent=854"}],"wp:term":[{"taxonomy":"category","embeddable":true,"href":"https:\/\/oekobr.org.br\/index.php?rest_route=%2Fwp%2Fv2%2Fcategories&post=854"},{"taxonomy":"post_tag","embeddable":true,"href":"https:\/\/oekobr.org.br\/index.php?rest_route=%2Fwp%2Fv2%2Ftags&post=854"}],"curies":[{"name":"wp","href":"https:\/\/api.w.org\/{rel}","templated":true}]}}